{"id":303,"date":"2025-02-23T09:42:29","date_gmt":"2025-02-23T09:42:29","guid":{"rendered":"https:\/\/amaterasu-karate.de\/?p=303"},"modified":"2025-05-31T20:53:00","modified_gmt":"2025-05-31T20:53:00","slug":"trainingslager-i-wettkampf-1-2","status":"publish","type":"post","link":"http:\/\/amaterasu-karate.de\/?p=303","title":{"rendered":"Trainingslager I Wettkampf 1\/2"},"content":{"rendered":"\n<h2 class=\"wp-block-heading\">Allgemeines<\/h2>\n\n\n\n<figure class=\"wp-block-table\"><table class=\"has-fixed-layout\"><tbody><tr><td>Datum<\/td><td>29.03.2025<\/td><\/tr><tr><td>Ort<\/td><td>Mehrzweckhalle der Montessori-Schule,<br>An der Erfurter Str. 1b, Nohra \/ Weimar<\/td><\/tr><tr><td>Kosten<\/td><td>15,- \u20ac Eintritt pro teilnehmender Person<br>10,- \u20ac Kinderg\u00fcrtelpr\u00fcfung bis wei\u00df-violett<br>20,- \u20ac DKV-Kyupr\u00fcfung ab wei\u00df-braun (9. Kyu)<\/td><\/tr><\/tbody><\/table><\/figure>\n\n\n\n<h2 class=\"wp-block-heading\">Zeitplan<\/h2>\n\n\n\n<figure class=\"wp-block-table\"><table class=\"has-fixed-layout\"><tbody><tr><td>9:00 (30min)<\/td><td>Gemeinsames Training<\/td><td>Florian \/ Steve<\/td><\/tr><tr><td>9:45 (120min)<\/td><td>Turniere: Kata \/ Kumite<\/td><td>Steve<\/td><\/tr><tr><td>12:30 (30min)<\/td><td>Jugend \/ Erwachsene<br>G\u00fcrtelpr\u00fcfung Kinder<\/td><td>Florian<\/td><\/tr><tr><td>13:15 (60min)<\/td><td>DKV-Pr\u00fcfungen<\/td><td>Florian \/ Steve<\/td><\/tr><\/tbody><\/table><\/figure>\n\n\n\n<h2 class=\"wp-block-heading\">Was<\/h2>\n\n\n\n<figure class=\"wp-block-table\"><table class=\"has-fixed-layout\"><tbody><tr><td>Kinder<\/td><td>grundmotorische \u00dcbungen, Grundschule, erweiterte<br>Griffbefreiung, ggfs Spiele<\/td><\/tr><tr><td>Turniere<\/td><td>* Kata\/Kihon Turniere f\u00fcr Anf\u00e4nger und Fortgeschrittene<br>* Kumite-K\u00e4mpfe nach Wettkampfregeln (1:30min, Jeder gg. Jeden, Faustsch\u00fctzer sind mitzubringen)<br>Punktevergabe und Tagessiegerbekanntgabe mit Siegerehrung!!<\/td><\/tr><\/tbody><\/table><\/figure>\n\n\n\n<h2 class=\"wp-block-heading\">Wichtig<\/h2>\n\n\n\n<p>DKV-Ausweis mitbringen (!) f\u00fcr Sicht- und Pr\u00fcfungsmarken<br>Um an den G\u00fcrtelpr\u00fcfungen teilnehmen zu k\u00f6nnen, ist es wichtig,<br>dass die Pr\u00fcflinge sich mindestens 6 Wochen vorher bei Florian<br>oder Steve ank\u00fcndigen! Danke.<br>Der Ausrichter lehnt jegliche Art von Haftung ab.<br>Mit der Teilnahme an der Veranstaltung stimmen Sie der<br>pressetechnischen Anfertigung von Fotos und Filmen zu.<\/p>\n","protected":false},"excerpt":{"rendered":"<p>Allgemeines Datum 29.03.2025 Ort Mehrzweckhalle der Montessori-Schule,An der Erfurter Str. 1b, Nohra \/ Weimar Kosten 15,- \u20ac Eintritt pro teilnehmender Person10,- \u20ac Kinderg\u00fcrtelpr\u00fcfung bis wei\u00df-violett20,- \u20ac DKV-Kyupr\u00fcfung ab wei\u00df-braun (9. Kyu) Zeitplan 9:00 (30min) Gemeinsames Training Florian \/ Steve 9:45 (120min) Turniere: Kata \/ Kumite Steve 12:30 (30min) Jugend \/ ErwachseneG\u00fcrtelpr\u00fcfung Kinder Florian 13:15 (60min)&hellip;&nbsp;<a href=\"http:\/\/amaterasu-karate.de\/?p=303\" class=\"\" rel=\"bookmark\">Weiterlesen &raquo;<span class=\"screen-reader-text\">Trainingslager I Wettkampf 1\/2<\/span><\/a><\/p>\n","protected":false},"author":2,"featured_media":0,"comment_status":"closed","ping_status":"closed","sticky":false,"template":"","format":"standard","meta":{"neve_meta_sidebar":"","neve_meta_container":"","neve_meta_enable_content_width":"","neve_meta_content_width":0,"neve_meta_title_alignment":"","neve_meta_author_avatar":"","neve_post_elements_order":"","neve_meta_disable_header":"","neve_meta_disable_footer":"","neve_meta_disable_title":"","footnotes":""},"categories":[1],"tags":[],"class_list":["post-303","post","type-post","status-publish","format-standard","hentry","category-uncategorized"],"_links":{"self":[{"href":"http:\/\/amaterasu-karate.de\/index.php?rest_route=\/wp\/v2\/posts\/303"}],"collection":[{"href":"http:\/\/amaterasu-karate.de\/index.php?rest_route=\/wp\/v2\/posts"}],"about":[{"href":"http:\/\/amaterasu-karate.de\/index.php?rest_route=\/wp\/v2\/types\/post"}],"author":[{"embeddable":true,"href":"http:\/\/amaterasu-karate.de\/index.php?rest_route=\/wp\/v2\/users\/2"}],"replies":[{"embeddable":true,"href":"http:\/\/amaterasu-karate.de\/index.php?rest_route=%2Fwp%2Fv2%2Fcomments&post=303"}],"version-history":[{"count":1,"href":"http:\/\/amaterasu-karate.de\/index.php?rest_route=\/wp\/v2\/posts\/303\/revisions"}],"predecessor-version":[{"id":304,"href":"http:\/\/amaterasu-karate.de\/index.php?rest_route=\/wp\/v2\/posts\/303\/revisions\/304"}],"wp:attachment":[{"href":"http:\/\/amaterasu-karate.de\/index.php?rest_route=%2Fwp%2Fv2%2Fmedia&parent=303"}],"wp:term":[{"taxonomy":"category","embeddable":true,"href":"http:\/\/amaterasu-karate.de\/index.php?rest_route=%2Fwp%2Fv2%2Fcategories&post=303"},{"taxonomy":"post_tag","embeddable":true,"href":"http:\/\/amaterasu-karate.de\/index.php?rest_route=%2Fwp%2Fv2%2Ftags&post=303"}],"curies":[{"name":"wp","href":"https:\/\/api.w.org\/{rel}","templated":true}]}}